{"id":65,"date":"2010-08-15T16:53:12","date_gmt":"2010-08-15T19:53:12","guid":{"rendered":"http:\/\/elcubodeamberes.com.ar\/wp\/?p=65"},"modified":"2016-02-12T18:25:01","modified_gmt":"2016-02-12T21:25:01","slug":"festival-n-america","status":"publish","type":"post","link":"https:\/\/carranza.com.ar\/blog\/2010\/08\/festival-n-america\/","title":{"rendered":"Festival \u00d1 Am\u00e9rica"},"content":{"rendered":"<p><img loading=\"lazy\" decoding=\"async\" class=\"alignleft wp-image-66 size-full\" title=\"festival_enie\" src=\"http:\/\/carranza.com.ar\/blog\/wp-content\/uploads\/2012\/02\/festival_enie.jpg\" alt=\"\" width=\"220\" height=\"132\" \/>Pasa r\u00e1pido el tiempo. R\u00e1pido. As\u00ed pas\u00f3 para m\u00ed la \u00faltima semana durante la que, de forma tan prolija como inconsciente, se fue alojando en mi memoria el viaje a Montevideo. Llegu\u00e9 al hotel el viernes 6 por la noche, y antes de dormir revis\u00e9 r\u00e1pidamente la agenda del d\u00eda siguiente.<!--more--><\/p>\n<p>Organizado por la revista literaria espa\u00f1ola \u00d1, el Festival \u00d1 Am\u00e9rica realizado en Montevideo entre los d\u00edas 4 y 7 de agosto es el puntapi\u00e9 inicial de lo que ojal\u00e1 se convierta en una sana costumbre: la realizaci\u00f3n alternativa del festival en Espa\u00f1a y en distintos pa\u00edses de Am\u00e9rica Latina.<\/p>\n<p>\u00bfEn qu\u00e9 consiste este Festival de Literatura? Los organizadores lo expresan combinando precisi\u00f3n y s\u00edntesis: <strong>libros, escritores y lectores<\/strong>.<\/p>\n<p>Un centenar de figuras de la literatura contempor\u00e1nea, muchos lectores locales y algunos forasteros, y los libros como la gran excusa, se sumaron a una propuesta divertida y din\u00e1mica. Vicente Molina Foix, Hugo Burel, Miguel \u00c1ngel Campod\u00f3nico, Ricardo Piglia, Mercedes Cebri\u00e1n, Iv\u00e1n Thays, Gabriel Peveroni, Vicente Muleiro, Mart\u00edn Caparr\u00f3s y Javier Reverte son solo algunos de los nombres que formaron parte de las actividades desarrolladas en el Centro Cultural de Espa\u00f1a, la Casa de los Escritores del Uruguay, el Museo Gurvich, el Teatro Sol\u00eds, el Museo Torres Garc\u00eda, Boliche La Ronda y la Librer\u00eda M\u00e1s Puro Verso.<\/p>\n<p>Pas\u00f3 r\u00e1pido. R\u00e1pido. Pero fue muy bueno.<\/p>\n<div id=\"spoon-plugin-kncgbdglledmjmpnikebkagnchfdehbm-2\" style=\"display: none;\"><\/div>\n","protected":false},"excerpt":{"rendered":"<p>Pasa r\u00e1pido el tiempo. R\u00e1pido. As\u00ed pas\u00f3 para m\u00ed la \u00faltima semana durante la que, de forma tan prolija como inconsciente, se [&hellip;]<\/p>\n","protected":false},"author":3,"featured_media":66,"comment_status":"closed","ping_status":"closed","sticky":false,"template":"","format":"standard","meta":{"footnotes":""},"categories":[3],"tags":[],"class_list":["post-65","post","type-post","status-publish","format-standard","has-post-thumbnail","hentry","category-textos"],"_links":{"self":[{"href":"https:\/\/carranza.com.ar\/blog\/wp-json\/wp\/v2\/posts\/65","targetHints":{"allow":["GET"]}}],"collection":[{"href":"https:\/\/carranza.com.ar\/blog\/wp-json\/wp\/v2\/posts"}],"about":[{"href":"https:\/\/carranza.com.ar\/blog\/wp-json\/wp\/v2\/types\/post"}],"author":[{"embeddable":true,"href":"https:\/\/carranza.com.ar\/blog\/wp-json\/wp\/v2\/users\/3"}],"replies":[{"embeddable":true,"href":"https:\/\/carranza.com.ar\/blog\/wp-json\/wp\/v2\/comments?post=65"}],"version-history":[{"count":6,"href":"https:\/\/carranza.com.ar\/blog\/wp-json\/wp\/v2\/posts\/65\/revisions"}],"predecessor-version":[{"id":628,"href":"https:\/\/carranza.com.ar\/blog\/wp-json\/wp\/v2\/posts\/65\/revisions\/628"}],"wp:featuredmedia":[{"embeddable":true,"href":"https:\/\/carranza.com.ar\/blog\/wp-json\/wp\/v2\/media\/66"}],"wp:attachment":[{"href":"https:\/\/carranza.com.ar\/blog\/wp-json\/wp\/v2\/media?parent=65"}],"wp:term":[{"taxonomy":"category","embeddable":true,"href":"https:\/\/carranza.com.ar\/blog\/wp-json\/wp\/v2\/categories?post=65"},{"taxonomy":"post_tag","embeddable":true,"href":"https:\/\/carranza.com.ar\/blog\/wp-json\/wp\/v2\/tags?post=65"}],"curies":[{"name":"wp","href":"https:\/\/api.w.org\/{rel}","templated":true}]}}