{"id":711,"date":"2016-06-02T13:09:15","date_gmt":"2016-06-02T16:09:15","guid":{"rendered":"http:\/\/carranza.com.ar\/?p=711"},"modified":"2016-07-09T20:21:36","modified_gmt":"2016-07-09T23:21:36","slug":"cuestion-de-escala","status":"publish","type":"post","link":"https:\/\/carranza.com.ar\/blog\/2016\/06\/cuestion-de-escala\/","title":{"rendered":"Cuesti\u00f3n de escala"},"content":{"rendered":"<p><img loading=\"lazy\" decoding=\"async\" class=\"alignleft size-full wp-image-712\" src=\"http:\/\/carranza.com.ar\/blog\/wp-content\/uploads\/2016\/06\/13269298_10209565336755302_1451054639160593297_n-e1464883653377.jpg\" alt=\"13269298_10209565336755302_1451054639160593297_n\" width=\"220\" height=\"165\">Al final todo se reduce a una cuesti\u00f3n de escala.<\/p>\n<p>El domingo sal\u00ed a cazar temprano (\u00ab<a href=\"http:\/\/carranza.com.ar\/2012\/09\/cazar-para-la-manada\/\" target=\"_blank\">Cazar para la manada<\/a>\u00bb, Sep-2012). Seg\u00fan el ticket del estacionamiento llegu\u00e9 al Jumbo de Palermo a las 08:17. Detesto ir al supermercado pero tengo que ir, y prefiero hacerlo los domingos bien temprano, cuando casi todo el mundo duerme y el coto de caza est\u00e1 enteramente a mi disposici\u00f3n.<\/p>\n<p>Con un estacionamiento virtualmente desierto, dej\u00e9 el auto en el primer lugar, el m\u00e1s cercano a la entrada. Camin\u00e9 los quince o veinte metros que me separaban de la puerta cuando sent\u00ed el golpe. El Toyota Corolla color gris plata estacionado al lado acababa de chocar mi auto mientras intentaba salir marcha atr\u00e1s. Un evidente error de c\u00e1lculo que dej\u00f3 su rastro en la humanidad de mi autito.<!--more--><\/p>\n<p>No me mov\u00ed. Desde la puerta vi c\u00f3mo uno de los vigiladores \u2014que estaba a unos pocos metros\u2014 se acercaba al Toyota con la evidente intenci\u00f3n de intervenir, ayudar, tomar datos o lo que fuera. Tambi\u00e9n vi su sorpresa cuando el conductor (digo \u201cel\u201d en tanto ser humano, sin distinci\u00f3n de g\u00e9nero) retrocedi\u00f3 lo m\u00e1s r\u00e1pido que pudo y sin intercambiar una palabra escap\u00f3 del estacionamiento. Porque no se fue, escap\u00f3.<\/p>\n<p>Me acerqu\u00e9 para hacer un \u201crelevamiento de da\u00f1os\u201d. El vigilador segu\u00eda inm\u00f3vil al lado de mi auto. \u201cPude anotar la patente\u201d, me dijo y me dio un papelito con los datos garabateados en el aire.<\/p>\n<p>Esto, que bien podr\u00eda ser una an\u00e9cdota, para m\u00ed es mucho m\u00e1s que eso. Es una peque\u00f1\u00edsima muestra de lo que fuimos, de lo que somos y de lo que seg\u00fan parece queremos seguir siendo. Quien fuera que manejaba el auto tuvo la oportunidad de bajarse, de dejar sus datos, de disculparse. Sin embargo eligi\u00f3 el camino de la impunidad.<\/p>\n<p>No es la primera vez que digo \u2014y ciertamente no soy el primero ni el \u00fanico en decirlo\u2014 que estos tiempos de cambios pol\u00edticos nos est\u00e1n embruteciendo. Para algunos es tan dif\u00edcil salir de la opci\u00f3n dogm\u00e1tica del blanco\/negro o Newell\u2019s\/Central (bueno, Boca\/River si quieren) que evito cualquier tipo de discusi\u00f3n pol\u00edtica, actitud que varios interpretan como un acto de cobard\u00eda o de falta de argumentos para debatir. Como quieran. \u201cSoy selectivo en mis batallas. A veces es mejor tener paz que tener la raz\u00f3n\u201d le\u00ed por ah\u00ed.<\/p>\n<p>De todos modos confieso que me cuesta digerir ese doble est\u00e1ndar que nos habilita a cometer muchos peque\u00f1itos actos de corrupci\u00f3n (la impunidad es en s\u00ed misma un acto de corrupci\u00f3n) y a\u00fan as\u00ed sentirnos con el derecho a denostar a los gobernantes pasados o en curso \u2014y a los pol\u00edticos en general\u2014 por el solo hecho de que sus actos son de una escala comparativamente mayor.<\/p>\n<p>Ac\u00e1 es donde corresponde contraargumentar que no es comparable porque los pol\u00edticos roban la plata que es de todos. Decenas, cientos, miles de millones m\u00e1s las casas y los autos de L\u00e1zaro.<\/p>\n<p>Cuando me vend\u00e9s algo y no me das la factura est\u00e1s robando la plata de todos, papi, as\u00ed que no te indignes tanto. Aunque no te la lleves a Panam\u00e1, sos un corrupto. Ah, y tus hijos, los que te ven haciendo eso, quiz\u00e1s sean en el futuro los pol\u00edticos que gobiernen a mis hijos. Punto.<\/p>\n<p>Para colmo, las redes sociales nos dan la oportunidad de compartir, retuitear, comentar o megustear cualquier cosa. Esto es pavorosamente \u00fatil para enardecer a los grupos antag\u00f3nicos: fotos trucadas, frases fuera de contexto o citas con floj\u00edsimo respaldo documental inundan nuestra cotidianeidad. Y como a nadie se le ocurre dedicar tres minutos de su vida a investigar (y no me refiero a contratar al CONICET, alcanza con googlear) le damos para adelante. Total\u2026 Retuit.<\/p>\n<p>No s\u00e9 qui\u00e9n choc\u00f3 mi auto en el estacionamiento, pero es muy probable que el se\u00f1or o la se\u00f1ora Toyota Corolla gris plata haya llegado a su casa, se haya preparado un caf\u00e9 con leche para acompa\u00f1ar las medialunas calentitas que compr\u00f3 en el Jumbo de Palermo, haya abierto el diario para indignarse con las noticias del d\u00eda y haya llegado a la conclusi\u00f3n \u2014una vez m\u00e1s\u2014 de que los pol\u00edticos son una mierrrda (as\u00ed, con \u00e9nfasis en la \u00abr\u00bb, <a href=\"https:\/\/youtu.be\/-IPa20i8-0Y\" target=\"_blank\">como dec\u00eda el Negro Fontanarrosa<\/a>).<\/p>\n<p>Y quiz\u00e1s haya tenido raz\u00f3n, hay&nbsp;pol\u00edticos que son una mierrrrda. Como muchos de nosotros.<\/p>\n<p>La \u00fanica diferencia es la escala.<\/p>\n","protected":false},"excerpt":{"rendered":"<p>Al final todo se reduce a una cuesti\u00f3n de escala. El domingo sal\u00ed a cazar temprano (\u00abCazar para la manada\u00bb, Sep-2012). Seg\u00fan [&hellip;]<\/p>\n","protected":false},"author":3,"featured_media":712,"comment_status":"open","ping_status":"open","sticky":false,"template":"","format":"standard","meta":{"footnotes":""},"categories":[3],"tags":[365,364,28,366],"class_list":["post-711","post","type-post","status-publish","format-standard","has-post-thumbnail","hentry","category-textos","tag-cazar-para-la-manada","tag-escala","tag-fontanarrosa","tag-impunidad"],"_links":{"self":[{"href":"https:\/\/carranza.com.ar\/blog\/wp-json\/wp\/v2\/posts\/711","targetHints":{"allow":["GET"]}}],"collection":[{"href":"https:\/\/carranza.com.ar\/blog\/wp-json\/wp\/v2\/posts"}],"about":[{"href":"https:\/\/carranza.com.ar\/blog\/wp-json\/wp\/v2\/types\/post"}],"author":[{"embeddable":true,"href":"https:\/\/carranza.com.ar\/blog\/wp-json\/wp\/v2\/users\/3"}],"replies":[{"embeddable":true,"href":"https:\/\/carranza.com.ar\/blog\/wp-json\/wp\/v2\/comments?post=711"}],"version-history":[{"count":4,"href":"https:\/\/carranza.com.ar\/blog\/wp-json\/wp\/v2\/posts\/711\/revisions"}],"predecessor-version":[{"id":727,"href":"https:\/\/carranza.com.ar\/blog\/wp-json\/wp\/v2\/posts\/711\/revisions\/727"}],"wp:featuredmedia":[{"embeddable":true,"href":"https:\/\/carranza.com.ar\/blog\/wp-json\/wp\/v2\/media\/712"}],"wp:attachment":[{"href":"https:\/\/carranza.com.ar\/blog\/wp-json\/wp\/v2\/media?parent=711"}],"wp:term":[{"taxonomy":"category","embeddable":true,"href":"https:\/\/carranza.com.ar\/blog\/wp-json\/wp\/v2\/categories?post=711"},{"taxonomy":"post_tag","embeddable":true,"href":"https:\/\/carranza.com.ar\/blog\/wp-json\/wp\/v2\/tags?post=711"}],"curies":[{"name":"wp","href":"https:\/\/api.w.org\/{rel}","templated":true}]}}